{"id":336,"date":"2022-12-15T14:43:05","date_gmt":"2022-12-15T14:43:05","guid":{"rendered":"https:\/\/dxp.pe\/blog\/?p=336"},"modified":"2022-12-15T14:50:17","modified_gmt":"2022-12-15T14:50:17","slug":"la-fed-no-cree-que-su-pronostico-de-recesion-este-pronosticando-una-recesion","status":"publish","type":"post","link":"https:\/\/dxp.pe\/blog\/2022\/12\/15\/la-fed-no-cree-que-su-pronostico-de-recesion-este-pronosticando-una-recesion\/","title":{"rendered":"La Fed no cree que su pron\u00f3stico de recesi\u00f3n est\u00e9 pronosticando una recesi\u00f3n"},"content":{"rendered":"<div id=\"tw-container\" data-cp=\"1\" data-is-ver=\"false\" data-nnttsvi=\"1\" data-sbsl=\"ru,uk\" data-sm=\"1\" data-ssbp=\"true\" data-sugg-time=\"500\" data-sugg-url=\"https:\/\/clients1.google.com\/complete\/search\" data-uilc=\"es-419\">\n<div>\n<div>\n<div id=\"tw-ob\" class=\"tw-src-ltr\">\n<div class=\"oSioSc\">\n<div id=\"tw-target\">\n<div id=\"kAz1tf\" class=\"g9WsWb\">\n<div id=\"tw-target-text-container\" class=\"tw-ta-container F0azHf tw-nfl\" tabindex=\"0\">\n<pre class=\"tw-data-text tw-text-large tw-ta\" dir=\"ltr\" data-placeholder=\"Traducci\u00f3n\"><span class=\"Y2IQFc\" lang=\"es\">La Reserva Federal espera una recesi\u00f3n econ\u00f3mica el pr\u00f3ximo a\u00f1o.\r\n\r\nPero no lo llames recesi\u00f3n.\r\n\r\nEn su \u00faltimo Resumen de proyecciones econ\u00f3micas publicado el mi\u00e9rcoles, los funcionarios de la Fed\r\ndijeron que esperan que el crecimiento del PIB a fines del pr\u00f3ximo a\u00f1o sea de solo 0,5%, mientras\r\nque la tasa de desempleo aumentar\u00e1 de su nivel actual de 3,7% a 4,6%.\r\n\r\nEstas proyecciones se publicaron junto con la \u00faltima decisi\u00f3n de pol\u00edtica monetaria\r\nde la Fed de 2022, en la que el banco central elev\u00f3 el rango objetivo para\r\nsu tasa de inter\u00e9s de referencia en un 0,5%, como se esperaba.\r\n\r\n<\/span><\/pre>\n<pre class=\"tw-data-text tw-text-large tw-ta\" dir=\"ltr\" data-placeholder=\"Traducci\u00f3n\"><span class=\"Y2IQFc\" lang=\"es\">Cuando se le pregunt\u00f3 durante una conferencia de prensa posterior a este anuncio si \r\nestos pron\u00f3sticos (crecimiento plano, aumento del desempleo) implican una recesi\u00f3n \r\nque afectar\u00e1 a la econom\u00eda el pr\u00f3ximo a\u00f1o, Powell objet\u00f3.\r\n\r\n\"No creo que califique como una recesi\u00f3n... porque tienes un crecimiento positivo\", dijo Powell.\r\n<\/span><\/pre>\n<pre class=\"tw-data-text tw-text-large tw-ta\" dir=\"ltr\" data-placeholder=\"Traducci\u00f3n\"><span class=\"Y2IQFc\" lang=\"es\">Aunque, como se\u00f1al\u00f3 Brian Cheung de NBC en su pregunta a Powell, las previsiones de \r\ndesempleo de la Fed sugieren que unos 1,6 millones de estadounidenses perder\u00e1n \r\nsus trabajos el pr\u00f3ximo a\u00f1o.\r\n\r\n\"Habr\u00e1 cierto debilitamiento en las condiciones del mercado laboral\", dijo Powell.\r\n\"Y desear\u00eda que hubiera una forma completamente indolora de restaurar \r\nla estabilidad de precios. No la hay. Y esto es lo mejor que podemos hacer\".\r\n\r\nPor supuesto, Wall Street ya est\u00e1 un paso por delante de Powell.\r\n\r\n\"El aumento esperado en la tasa de desempleo entre este a\u00f1o y el pr\u00f3ximo \r\nnunca ha ocurrido sin que la econom\u00eda caiga en una recesi\u00f3n\", escribi\u00f3 Ryan Sweet, \r\neconomista jefe para Estados Unidos de Oxford Economics, en una nota el mi\u00e9rcoles.\r\n\r\n<\/span><\/pre>\n<pre class=\"tw-data-text tw-text-large tw-ta\" dir=\"ltr\" data-placeholder=\"Traducci\u00f3n\"><span class=\"Y2IQFc\" lang=\"es\">Como hemos visto en numerosos pron\u00f3sticos para los mercados y la econom\u00eda el pr\u00f3ximo a\u00f1o, \r\nel consenso entre la mayor\u00eda de los estrategas se ha endurecido en torno a la idea \r\nde una recesi\u00f3n que afectar\u00e1 a la econom\u00eda en el segundo o tercer trimestre de 2023, \r\nprovocando la ca\u00edda del mercado de valores. Y las expectativas de que la Fed reaccionar\u00e1\r\nante una recesi\u00f3n flexibilizando la pol\u00edtica hacen que la mayor\u00eda de los estrategas \r\napuesten a que las acciones vuelvan a estar sin cambios a finales de 2023.\r\n\r\nPero con los datos de inflaci\u00f3n del martes que muestran que las agresivas \r\nsubidas de tipos de la Fed este a\u00f1o \u2014que totalizaron un 4,25% acumulativo\u2014 \r\nhan comenzado a tener alg\u00fan efecto en la desaceleraci\u00f3n de los precios, \r\nlos economistas parecen cada vez m\u00e1s esc\u00e9pticos de que la Fed no haya juzgado mal \r\nla eficacia de su propio programa, que tiene como objetivo controlar la inflaci\u00f3n y\r\nvolver a su objetivo del 2%.\r\n\r\n<\/span><\/pre>\n<pre class=\"tw-data-text tw-text-large tw-ta\" dir=\"ltr\" data-placeholder=\"Traducci\u00f3n\"><span class=\"Y2IQFc\" lang=\"es\">\"A pesar de la evidencia cada vez m\u00e1s convincente de que la inflaci\u00f3n subyacente \r\ncaer\u00e1 dr\u00e1sticamente el pr\u00f3ximo a\u00f1o, la Fed duplic\u00f3 su postura agresiva hoy\", \r\nescribi\u00f3 Paul Ashworth, economista jefe para Am\u00e9rica del Norte de Capital Economics, \r\nen una nota a los clientes el mi\u00e9rcoles.\r\n\r\n\"Es dif\u00edcil saber si los funcionarios de la Fed realmente creen en sus propias proyecciones\r\n econ\u00f3micas y de tasas, o si se est\u00e1n esforzando por tratar de revertir parte del relajamiento\r\n de las condiciones financieras durante el \u00faltimo mes\", agreg\u00f3 Ashworth, refiri\u00e9ndose a la\r\n fuerte ca\u00edda en Los rendimientos del Tesoro y el repunte de las acciones desde la\r\n decisi\u00f3n de pol\u00edtica monetaria de la Fed en noviembre.\r\n\r\nA\u00fan as\u00ed, ya sea que los funcionarios de la Fed quieran llamar recesi\u00f3n a la perspectiva\r\necon\u00f3mica del pr\u00f3ximo a\u00f1o o no, sus propios pron\u00f3sticos hacen que el banco central reaccione\r\nprecisamente ante ese escenario. Se espera que las tasas de inter\u00e9s superen el 5 % en 2023\r\nantes de volver a caer al 4,1 % en 2024.\r\n\r\n<\/span><\/pre>\n<pre id=\"tw-target-text\" class=\"tw-data-text tw-text-large tw-ta\" dir=\"ltr\" data-placeholder=\"Traducci\u00f3n\"><span class=\"Y2IQFc\" lang=\"es\">\"La Fed sigue dispuesta a arriesgarse a una recesi\u00f3n en el mercado laboral para \r\nreducir la inflaci\u00f3n y, en todo caso, las proyecciones de diciembre sugieren \r\nque el riesgo ha aumentado, no disminuido\", escribieron Michael Gapen y \r\nel equipo de econom\u00eda de Bank of America Global Research. .\r\n\r\n\"Estamos de acuerdo y continuamos buscando una recesi\u00f3n en el primer semestre de 2023 y\r\nun aumento m\u00e1s pronunciado en la tasa de desempleo de lo que proyecta la mediana de\r\nlos miembros del FOMC\", agregaron.\r\n\r\nAumento del desempleo, crecimiento por debajo del potencial y 100 puntos b\u00e1sicos de\r\nrecortes en las tasas de inter\u00e9s.\r\n\r\nSi camina como una recesi\u00f3n y habla como una recesi\u00f3n, ll\u00e1malo como quieras.<\/span><\/pre>\n<pre class=\"tw-data-text tw-text-large tw-ta\" dir=\"ltr\" data-placeholder=\"Traducci\u00f3n\"><span class=\"Y2IQFc\" lang=\"es\">Fuente: <\/span><span class=\"Y2IQFc\" lang=\"es\">jueves, 15 de diciembre de 2022. Myles Udland, editor s\u00e9nior de mercados de Yahoo Finance.<\/span><\/pre>\n<pre id=\"tw-target-text\" class=\"tw-data-text tw-text-large tw-ta\" dir=\"ltr\" data-placeholder=\"Traducci\u00f3n\"><span class=\"Y2IQFc\" lang=\"es\">\u00a0<\/span><\/pre>\n<pre class=\"tw-data-text tw-text-large tw-ta\" dir=\"ltr\" data-placeholder=\"Traducci\u00f3n\"><span class=\"Y2IQFc\" lang=\"es\">\u00a0<\/span><\/pre>\n<p>&nbsp;<\/p>\n<pre id=\"tw-target-text\" class=\"tw-data-text tw-text-large tw-ta\" dir=\"ltr\" data-placeholder=\"Traducci\u00f3n\"><span class=\"Y2IQFc\" lang=\"es\">\u00a0<\/span><\/pre>\n<pre id=\"tw-target-text\" class=\"tw-data-text tw-text-large tw-ta\" dir=\"ltr\" data-placeholder=\"Traducci\u00f3n\"><span class=\"Y2IQFc\" lang=\"es\">\u00a0<\/span><\/pre>\n<pre id=\"tw-target-text\" class=\"tw-data-text tw-text-large tw-ta\" dir=\"ltr\" data-placeholder=\"Traducci\u00f3n\"><span class=\"Y2IQFc\" lang=\"es\">\u00a0<\/span><\/pre>\n<\/div>\n<div id=\"tw-target-rmn-container\" class=\"tw-target-rmn tw-ta-container F0azHf tw-nfl\">\n<pre id=\"tw-target-rmn\" class=\"tw-data-placeholder tw-text-small tw-ta\" dir=\"ltr\" data-placeholder=\"\"><\/pre>\n<\/div>\n<div class=\"iYB33c\">\n<div class=\"dlJLJe\">\n<div data-cviv=\"false\" data-ved=\"2ahUKEwjq-Yi86fv7AhVyBdQKHRkWD9QQz_AEegQICBAP\">\n<div class=\"U9URNb\"><img loading=\"lazy\" decoding=\"async\" id=\"dimg_3\" class=\"YQ4gaf zr758c wA1Bge\" src=\"data:image\/png;base64,iVBORw0KGgoAAAANSUhEUgAAABQAAAAUCAQAAAAngNWGAAAA\/0lEQVR4AYXNMSiEcRyA4cfmGHQbCZIipkuxnJgMStlMNmeyD2dwmc8+sZgxYJd9ErIZFHUyYYD7fkr6l4\/rnvmtl7+KitrqV\/fq2Y5eLY3Z9S48eRLe7BmVZ9qhTLhQ0algzZWQOVKSsCF8OjAnwbxDTWFDUhPK\/jMr1H6HE\/IqRky2DyvCefuwItwZzodVoYRiLqMkVCXrwpJ9twZ+sgfDYEFYl8wIWxZ9uFf7zkallxlJh4YrLGsKjZRx7VGHhLqwgFUN45DGdb8MeXGpgB4ABZdeDcpZEY51A+hyLKz4S1W4MQWm3AibWtgWmk6dyISa1pSdyWTOlLXVp0+eL9D\/ZPfBTNanAAAAAElFTkSuQmCC\" alt=\"\u00cdcono de validado por la comunidad\" width=\"16\" height=\"16\" data-atf=\"0\" data-frt=\"0\" \/><\/div>\n<\/div>\n<\/div>\n<div id=\"tw-tmenu\" class=\"tw-menu\">\n<p>&nbsp;<\/p>\n<div class=\"U4KnXc QlcHMc\" data-cgi-param=\"tob_sbp\" data-direction=\"1\" data-fp-cid=\"\" data-id=\"translate_search_button\" data-spor=\"false\" data-ved=\"2ahUKEwjq-Yi86fv7AhVyBdQKHRkWD9QQj4QJegQICBAV\"><\/div>\n<\/div>\n<\/div>\n<\/div>\n<\/div>\n<\/div>\n<\/div>\n<div id=\"tw-images\"><\/div>\n<div class=\"dURPtb\"><\/div>\n<div>\n<div><\/div>\n<\/div>\n<\/div>\n<\/div>\n<\/div>\n<div class=\"KFFQ0c xKf9F\"><\/div>\n","protected":false},"excerpt":{"rendered":"<p>La Reserva Federal espera una recesi\u00f3n econ\u00f3mica el pr\u00f3ximo a\u00f1o. Pero no lo llames recesi\u00f3n. En su \u00faltimo Resumen de proyecciones econ\u00f3micas publicado el mi\u00e9rcoles, los funcionarios de la Fed dijeron que esperan que el crecimiento del PIB a fines del pr\u00f3ximo a\u00f1o sea de solo 0,5%, mientras que la tasa de desempleo aumentar\u00e1 de [&hellip;]<\/p>\n","protected":false},"author":1,"featured_media":337,"comment_status":"open","ping_status":"open","sticky":false,"template":"","format":"standard","meta":{"_acf_changed":false,"footnotes":""},"categories":[1],"tags":[],"class_list":["post-336","post","type-post","status-publish","format-standard","has-post-thumbnail","hentry","category-sin-categoria"],"acf":[],"_links":{"self":[{"href":"https:\/\/dxp.pe\/blog\/wp-json\/wp\/v2\/posts\/336","targetHints":{"allow":["GET"]}}],"collection":[{"href":"https:\/\/dxp.pe\/blog\/wp-json\/wp\/v2\/posts"}],"about":[{"href":"https:\/\/dxp.pe\/blog\/wp-json\/wp\/v2\/types\/post"}],"author":[{"embeddable":true,"href":"https:\/\/dxp.pe\/blog\/wp-json\/wp\/v2\/users\/1"}],"replies":[{"embeddable":true,"href":"https:\/\/dxp.pe\/blog\/wp-json\/wp\/v2\/comments?post=336"}],"version-history":[{"count":2,"href":"https:\/\/dxp.pe\/blog\/wp-json\/wp\/v2\/posts\/336\/revisions"}],"predecessor-version":[{"id":339,"href":"https:\/\/dxp.pe\/blog\/wp-json\/wp\/v2\/posts\/336\/revisions\/339"}],"wp:featuredmedia":[{"embeddable":true,"href":"https:\/\/dxp.pe\/blog\/wp-json\/wp\/v2\/media\/337"}],"wp:attachment":[{"href":"https:\/\/dxp.pe\/blog\/wp-json\/wp\/v2\/media?parent=336"}],"wp:term":[{"taxonomy":"category","embeddable":true,"href":"https:\/\/dxp.pe\/blog\/wp-json\/wp\/v2\/categories?post=336"},{"taxonomy":"post_tag","embeddable":true,"href":"https:\/\/dxp.pe\/blog\/wp-json\/wp\/v2\/tags?post=336"}],"curies":[{"name":"wp","href":"https:\/\/api.w.org\/{rel}","templated":true}]}}